{"id":7039,"date":"2025-09-10T11:40:45","date_gmt":"2025-09-10T09:40:45","guid":{"rendered":"https:\/\/wikifinia.at\/?p=7039"},"modified":"2025-09-10T11:40:46","modified_gmt":"2025-09-10T09:40:46","slug":"mieten-plus-46-kaufkraftverlust-verscharft-sich","status":"publish","type":"post","link":"https:\/\/wikifinia.at\/en\/mieten-plus-46-kaufkraftverlust-verscharft-sich\/","title":{"rendered":"Mieten plus 4,6 %: Kaufkraftverlust versch\u00e4rft sich"},"content":{"rendered":"<div id=\"bsf_rt_marker\"><\/div>\n<blockquote class=\"wp-block-quote has-text-align-center has-black-color has-text-color has-medium-font-size is-layout-flow wp-block-quote-is-layout-flow\">\n<p><strong><em><strong>\u201eWenn die Mieten schneller steigen als die Einkommen, schrumpft nicht nur die Wohnung, sondern vor allem die Kaufkraft \u2013 und damit deine finanzielle Freiheit.\u201c<\/strong><\/em><\/strong><\/p>\n<\/blockquote>\n\n\n\n<p class=\"has-black-color has-text-color has-link-color has-medium-font-size wp-elements-bf017d957c0e2e68e8814f1b41f251e0\">Es gibt Themen, die dich vielleicht nicht sofort betreffen, die aber deine Zukunft entscheidend pr\u00e4gen k\u00f6nnen. Der Kaufkraftverlust ist so ein Thema. Du merkst ihn im <em>Supermarkt<\/em>, an der <em>Tankstelle<\/em> und besonders deutlich bei den <em>Wohnkosten<\/em>. <strong>Wenn die Mieten sp\u00fcrbar schneller steigen als dein Einkommen, dann wird Wohnen zur Belastung.<\/strong> Genau das passiert derzeit in \u00d6sterreich: Die Mieten sind im zweiten Quartal 2025 um 4,6 Prozent gestiegen. Auf den ersten Blick mag das wie eine n\u00fcchterne Statistik wirken, doch in der Realit\u00e4t bedeutet es, dass dir Monat f\u00fcr Monat weniger im Geldb\u00f6rserl bleibt.<\/p>\n\n\n\n<p class=\"has-black-color has-text-color has-link-color has-medium-font-size wp-elements-f728e72bd43af65ff5581c2b1c878ac2\"><strong>Da Wohnen zu den elementarsten Grundbed\u00fcrfnissen z\u00e4hlt, sp\u00fcrst du den Kaufkraftverlust hier besonders stark.<\/strong> Dein Geld verliert nicht nur durch die allgemeine Inflation an Wert, sondern zus\u00e4tzlich durch die Entwicklungen am Immobilien- und Mietmarkt. Der Anstieg der Wohnungsmieten ist ein Paradebeispiel daf\u00fcr, wie sich volkswirtschaftliche Entwicklungen direkt auf dein t\u00e4gliches Leben auswirken.<\/p>\n\n\n\n<div style=\"height:45px\" aria-hidden=\"true\" class=\"wp-block-spacer\"><\/div>\n\n\n\n<figure class=\"wp-block-gallery has-nested-images columns-default is-cropped wp-block-gallery-1 is-layout-flex wp-block-gallery-is-layout-flex\">\n<figure class=\"wp-block-image size-large is-style-default\"><img loading=\"lazy\" decoding=\"async\" width=\"1024\" height=\"661\" data-id=\"7040\" src=\"https:\/\/wikifinia.at\/wordpress\/wp-content\/uploads\/2025\/09\/iStock-1391413216-1024x661.jpg\" alt=\"\" class=\"wp-image-7040\" srcset=\"https:\/\/wikifinia.at\/wordpress\/wp-content\/uploads\/2025\/09\/iStock-1391413216-1024x661.jpg 1024w, https:\/\/wikifinia.at\/wordpress\/wp-content\/uploads\/2025\/09\/iStock-1391413216-300x194.jpg 300w, https:\/\/wikifinia.at\/wordpress\/wp-content\/uploads\/2025\/09\/iStock-1391413216-768x495.jpg 768w, https:\/\/wikifinia.at\/wordpress\/wp-content\/uploads\/2025\/09\/iStock-1391413216-1536x991.jpg 1536w, https:\/\/wikifinia.at\/wordpress\/wp-content\/uploads\/2025\/09\/iStock-1391413216.jpg 2048w, https:\/\/wikifinia.at\/wordpress\/wp-content\/uploads\/2025\/09\/iStock-1391413216-18x12.jpg 18w\" sizes=\"auto, (max-width: 1024px) 100vw, 1024px\" \/><figcaption class=\"wp-element-caption\">Mieten plus 4,6 %: Kaufkraftverlust versch\u00e4rft sich<\/figcaption><\/figure>\n<\/figure>\n\n\n\n<div style=\"height:32px\" aria-hidden=\"true\" class=\"wp-block-spacer\"><\/div>\n\n\n\n<div style=\"height:30px\" aria-hidden=\"true\" class=\"wp-block-spacer\"><\/div>\n\n\n\n<h2 class=\"wp-block-heading has-text-color has-medium-font-size\" style=\"color:#114976\">Mieten in \u00d6sterreich: Zahlen, die Druck machen<\/h2>\n\n\n\n<p class=\"has-black-color has-text-color has-link-color has-medium-font-size wp-elements-f658034058fb25222f287a9cbfef17b1\"><strong>Laut Statistik Austria zahlst du derzeit im Durchschnitt 10,20 Euro pro Quadratmeter inklusive Betriebskosten.<\/strong> Das ergibt f\u00fcr eine durchschnittliche Wohnung 673,20 Euro pro Monat. Die Nettomiete, also ohne Betriebskosten, liegt bei 7,70 Euro pro Quadratmeter. Klingt vielleicht noch \u00fcberschaubar, doch die j\u00e4hrliche Erh\u00f6hung von \u00fcber 5 Prozent zeigt, wie rasant die Kosten davonlaufen.<\/p>\n\n\n\n<p class=\"has-black-color has-text-color has-link-color has-medium-font-size wp-elements-5a1329eb1ff876c68eedb94e00b1dd15\"><strong>Das Problem ist nicht nur der absolute Betrag, sondern die Geschwindigkeit, mit der die Mieten steigen.<\/strong> Zum Vergleich: Viele L\u00f6hne und Geh\u00e4lter hinken hinterher, oft werden sie nur in kleinen Schritten angepasst. Das bedeutet: Deine reale Kaufkraft sinkt. Kaufkraftverlust ist nicht nur ein theoretischer Begriff, sondern macht sich ganz praktisch bemerkbar \u2013 beim n\u00e4chsten Miet\u00fcberweisungstermin.<\/p>\n\n\n\n<div style=\"height:19px\" aria-hidden=\"true\" class=\"wp-block-spacer\"><\/div>\n\n\n\n<p class=\"has-text-align-center has-white-color has-text-color has-background has-link-color has-medium-font-size wp-elements-017f7a12094a354e82fe2e1a70cf5a07\" style=\"background-color:#114976\"><strong><strong>Behalte deine Miet- und Nebenkosten genau im Blick und vergleiche regelm\u00e4\u00dfig mit dem aktuellen Mietspiegel \u2013 so erkennst du fr\u00fchzeitig, ob deine Ausgaben im Rahmen liegen oder ob du handeln solltest.<\/strong><\/strong><\/p>\n\n\n\n<div style=\"height:50px\" aria-hidden=\"true\" class=\"wp-block-spacer\"><\/div>\n\n\n\n<h2 class=\"wp-block-heading has-text-color has-medium-font-size\" style=\"color:#114976\">Kaufkraftverlust trifft vor allem die Schw\u00e4chsten<\/h2>\n\n\n\n<p class=\"has-black-color has-text-color has-link-color has-medium-font-size wp-elements-b027f6c312f213f1b160d0732a15ed3b\"><strong>Besonders hart trifft es jene, die allein leben.<\/strong> In \u00d6sterreich gibt es rund 1,6 Millionen Einpersonenhaushalte, und fast die H\u00e4lfte davon sind Menschen \u00fcber 60. Diese Gruppe sp\u00fcrt den Kaufkraftverlust doppelt: Einerseits sind sie h\u00e4ufiger auf fixe Pensionseinkommen angewiesen, die nur schrittweise angepasst werden, andererseits steigt ihr Anteil an den Wohnkosten st\u00e4ndig.<\/p>\n\n\n\n<p class=\"has-black-color has-text-color has-link-color has-medium-font-size wp-elements-45634cabbac061072b7ea653e83ade04\"><strong>Auch j\u00fcngere Menschen unter 30 leiden stark.<\/strong> Rund drei Viertel dieser Altersgruppe lebt in Miete, oft in privaten Mietwohnungen, wo die Dynamik der Preissteigerungen besonders hoch ist. Wenn du jung bist, vielleicht gerade studierst oder deine ersten Schritte im Berufsleben machst, dann merkst du, wie sehr dich steigende Mieten finanziell einengen.<\/p>\n\n\n\n<div style=\"height:50px\" aria-hidden=\"true\" class=\"wp-block-spacer\"><\/div>\n\n\n\n<h2 class=\"wp-block-heading has-text-color has-link-color has-medium-font-size wp-elements-fc89969053a9d09927cbe185a9cbdb1b\" style=\"color:#114976\">Teuerung und Inflation: Ein doppelter Druck<\/h2>\n\n\n\n<p class=\"has-black-color has-text-color has-link-color has-medium-font-size wp-elements-e3eefc40371d3996f1335ffae59807e3\">Die Teuerung der Mieten steht nicht isoliert im Raum. Sie ist Teil eines gr\u00f6\u00dferen Bildes: der allgemeinen Inflation. Wenn <em>Lebensmittel<\/em>, <em>Energie <\/em>und <em>Dienstleistungen <\/em>teurer werden, und gleichzeitig die Mieten steigen, dann entsteht ein doppelter Druck. <strong>Der Kaufkraftverlust wirkt also nicht nur in einem Bereich, sondern frisst sich durch alle Lebensbereiche.<\/strong><\/p>\n\n\n\n<p class=\"has-black-color has-text-color has-link-color has-medium-font-size wp-elements-0c6c147c553c700e3b77e7a518901fff\">Ein einfaches Beispiel zeigt, wie hart die Realit\u00e4t zuschlagen kann: Wenn dein Haushalt monatlich 2.000 Euro zur Verf\u00fcgung hat und allein die Miete davon schon \u00fcber 670 Euro verschlingt, bleiben dir noch 1.330 Euro f\u00fcr alles andere. Steigen gleichzeitig Strom, Heizung und Lebensmittelpreise, wird es eng. Genau das ist der Effekt des Kaufkraftverlusts: Das gleiche Geld reicht f\u00fcr weniger.<\/p>\n\n\n\n<div style=\"height:19px\" aria-hidden=\"true\" class=\"wp-block-spacer\"><\/div>\n\n\n\n<hr class=\"wp-block-separator has-alpha-channel-opacity\"\/>\n\n\n\n<div style=\"height:19px\" aria-hidden=\"true\" class=\"wp-block-spacer\"><\/div>\n\n\n\n<p class=\"has-text-align-center has-black-color has-text-color has-background has-link-color has-medium-font-size wp-elements-57fcec84cebd037aa226786c2719902b\" style=\"background-color:#d2b465\">Mehr Hintergr\u00fcnde zum Thema findest du in unserem Beitrag: <strong><a href=\"https:\/\/wikifinia.at\/osterreichs-kaufkraftverlust-doppelt-so-hoch-wie-in-der-eu\/\" target=\"_blank\" rel=\"noreferrer noopener\">\u00d6sterreichs Kaufkraftverlust doppelt so hoch wie in der EU.<\/a><\/strong><\/p>\n\n\n\n<div style=\"height:50px\" aria-hidden=\"true\" class=\"wp-block-spacer\"><\/div>\n\n\n\n<h2 class=\"wp-block-heading has-text-color has-link-color has-medium-font-size wp-elements-6f7d621fd5243c947b0321542009a9f8\" style=\"color:#114976\">Politische Antworten: Mietpreisbremse oder Tropfen auf den hei\u00dfen Stein?<\/h2>\n\n\n\n<p class=\"has-black-color has-text-color has-link-color has-medium-font-size wp-elements-f49cb3549afe1abf851629f52d950820\"><strong>Die \u00f6sterreichische Bundesregierung hat auf den Druck reagiert und einen Mietpreisdeckel beschlossen.<\/strong> Er soll daf\u00fcr sorgen, dass Mieten j\u00e4hrlich nicht mehr als f\u00fcnf Prozent steigen d\u00fcrfen. Klingt gut, doch die Realit\u00e4t ist komplizierter. Erstens betrifft die Regelung nicht alle Mietverh\u00e4ltnisse, zweitens l\u00f6st sie nicht das Grundproblem: zu wenig leistbarer Wohnraum.<\/p>\n\n\n\n<p class=\"has-black-color has-text-color has-link-color has-medium-font-size wp-elements-2e2320388dc7d23276f450afaafd7167\">Viele Experten fordern daher einen Ausbau des gef\u00f6rderten Wohnbaus. Mehr Wohnungen zu vern\u00fcnftigen Preisen k\u00f6nnten den Druck auf den Markt verringern. Doch das braucht Zeit \u2013 und bis dahin bleibt der Kaufkraftverlust f\u00fcr Mieter Realit\u00e4t.<\/p>\n\n\n\n<div style=\"height:50px\" aria-hidden=\"true\" class=\"wp-block-spacer\"><\/div>\n\n\n\n<h2 class=\"wp-block-heading has-text-color has-link-color has-medium-font-size wp-elements-f351791e3f9ed9138fda0f1c51036647\" style=\"color:#114976\">Gesellschaftliche Folgen des Kaufkraftverlusts: Wenn Wohnen Luxus wird<\/h2>\n\n\n\n<p class=\"has-black-color has-text-color has-link-color has-medium-font-size wp-elements-d43a1c2ca050ae99ab7abaabde6965c8\">Wohnen ist ein Grundrecht, aber es entwickelt sich zunehmend zum Luxus. Vor allem in St\u00e4dten wie <em>Wien<\/em>, <em>Salzburg <\/em>oder <em>Innsbruck<\/em>, wo die Nachfrage hoch und das Angebot knapp ist, steigen die Preise besonders stark. <strong>Die Folge: Junge Menschen ziehen in Randgebiete, Pendelzeiten werden l\u00e4nger, soziale Spannungen nehmen zu.<\/strong><\/p>\n\n\n\n<p class=\"has-black-color has-text-color has-link-color has-medium-font-size wp-elements-3be4b19b32de0e3b29fa8bbe76b98855\">Kaufkraftverlust bedeutet also nicht nur weniger Geld im B\u00f6rserl, sondern auch weniger Lebensqualit\u00e4t. Wenn du immer gr\u00f6\u00dfere Teile deines Einkommens f\u00fcr das Dach \u00fcber dem Kopf ausgibst, bleibt weniger Spielraum f\u00fcr Kultur, Freizeit oder Vorsorge. Auf lange Sicht kann das auch die gesamte Volkswirtschaft bremsen, denn wenn Haushalte weniger konsumieren k\u00f6nnen, sinkt die Nachfrage.<\/p>\n\n\n\n<div style=\"height:19px\" aria-hidden=\"true\" class=\"wp-block-spacer\"><\/div>\n\n\n\n<hr class=\"wp-block-separator has-alpha-channel-opacity\"\/>\n\n\n\n<div style=\"height:19px\" aria-hidden=\"true\" class=\"wp-block-spacer\"><\/div>\n\n\n\n<p class=\"has-text-align-center has-black-color has-text-color has-background has-link-color has-medium-font-size wp-elements-e768f5b84cebf0441adb77575da18021\" style=\"background-color:#d2b465\">Welche Rolle der digitale Euro f\u00fcr deine finanzielle Zukunft spielt, erf\u00e4hrst du in unserem Beitrag: <strong><a href=\"https:\/\/wikifinia.at\/der-digitale-euro-fluch-oder-segen\/\" target=\"_blank\" rel=\"noreferrer noopener\">Der digitale Euro \u2013 Fluch oder Segen?.<\/a><\/strong><\/p>\n\n\n\n<div style=\"height:50px\" aria-hidden=\"true\" class=\"wp-block-spacer\"><\/div>\n\n\n\n<h2 class=\"wp-block-heading has-text-color has-link-color has-medium-font-size wp-elements-4b1c752f4ffbc4b71241b108afe4b5c8\" style=\"color:#114976\">Psychologie des Kaufkraftverlusts: Die Angst vorm Morgen<\/h2>\n\n\n\n<p class=\"has-black-color has-text-color has-link-color has-medium-font-size wp-elements-ccab0e548c6cfba37f6020d0bd67b518\">Der Kaufkraftverlust wirkt nicht nur auf dein Konto, sondern auch auf deine Psyche. Wenn du das Gef\u00fchl hast, dass dein Einkommen immer weniger wert ist, w\u00e4chst die Unsicherheit. Viele Menschen z\u00f6gern, <em>Anschaffungen zu t\u00e4tigen<\/em>, <em>Reisen zu planen<\/em> oder <em>Investitionen zu wagen<\/em>. Stattdessen entsteht ein Gef\u00fchl der Ohnmacht.<\/p>\n\n\n\n<p class=\"has-black-color has-text-color has-link-color has-medium-font-size wp-elements-44d3523cc825ae47a426f11b022030d4\"><strong>Besonders gef\u00e4hrlich ist dieser Effekt, weil er das Vertrauen in die Wirtschaft schw\u00e4cht.<\/strong> Wenn du nicht mehr daran glaubst, dass deine Kaufkraft stabil bleibt, beginnst du, dich einzuschr\u00e4nken. So entsteht eine Spirale, die nicht nur dich, sondern die gesamte Gesellschaft betrifft.<\/p>\n\n\n\n<div style=\"height:50px\" aria-hidden=\"true\" class=\"wp-block-spacer\"><\/div>\n\n\n\n<h2 class=\"wp-block-heading has-text-color has-link-color has-medium-font-size wp-elements-31ebe136427f392da04370e6b3ae030e\" style=\"color:#114976\">Internationale Perspektive: \u00d6sterreich im Vergleich<\/h2>\n\n\n\n<p class=\"has-black-color has-text-color has-link-color has-medium-font-size wp-elements-03595bb80fa83c86912abead70c4fcd9\">\u00d6sterreich steht mit diesem Problem nicht allein da. In vielen europ\u00e4ischen L\u00e4ndern steigen die Mieten schneller als die Einkommen. <strong>Doch der Kaufkraftverlust trifft in \u00d6sterreich besonders empfindlich, weil hier traditionell ein hoher Anteil der Bev\u00f6lkerung zur Miete wohnt.<\/strong> W\u00e4hrend in s\u00fcdlichen L\u00e4ndern wie Spanien oder Italien Eigentum st\u00e4rker verbreitet ist, bleibt \u00d6sterreich ein Land der Mieter. Das macht die Mietpreisentwicklung zu einem zentralen Faktor f\u00fcr die Lebensqualit\u00e4t.<\/p>\n\n\n\n<div style=\"height:50px\" aria-hidden=\"true\" class=\"wp-block-spacer\"><\/div>\n\n\n\n<h2 class=\"wp-block-heading has-text-color has-link-color has-medium-font-size wp-elements-a7edc23dfb198e738078c42529d417e5\" style=\"color:#114976\">Zukunftsszenarien: Was kommt in Bezug auf den Kaufkraftverlust auf dich zu?<\/h2>\n\n\n\n<p class=\"has-black-color has-text-color has-link-color has-medium-font-size wp-elements-0300fe0e21603d8a36491cd15f5a62dc\">Wenn die aktuelle Entwicklung anh\u00e4lt, wird Wohnen in den Ballungsr\u00e4umen f\u00fcr viele unleistbar. Das k\u00f6nnte zu einer noch st\u00e4rkeren Abwanderung ins Umland f\u00fchren. Gleichzeitig ist nicht sicher, ob politische Ma\u00dfnahmen wie der Mietpreisdeckel ausreichen, um den Trend zu stoppen.<\/p>\n\n\n\n<p class=\"has-black-color has-text-color has-link-color has-medium-font-size wp-elements-aef5c4ca10548132114f6361a3c0c97a\"><strong>Ein realistisches Szenario ist, dass sich die Kaufkraft in den n\u00e4chsten Jahren weiter abschw\u00e4cht<\/strong>, wenn keine deutlichen Gegenma\u00dfnahmen erfolgen.<strong> <\/strong>Das bedeutet: Du musst dich darauf einstellen, dass Mieten einen noch gr\u00f6\u00dferen Teil deines Einkommens beanspruchen werden.<\/p>\n\n\n\n<div style=\"height:19px\" aria-hidden=\"true\" class=\"wp-block-spacer\"><\/div>\n\n\n\n<hr class=\"wp-block-separator has-alpha-channel-opacity\"\/>\n\n\n\n<div style=\"height:19px\" aria-hidden=\"true\" class=\"wp-block-spacer\"><\/div>\n\n\n\n<p class=\"has-text-align-center has-black-color has-text-color has-background has-link-color has-medium-font-size wp-elements-1ebc0c9d0676d158bae4a29f33c85bcc\" style=\"background-color:#d2b465\">Sichere dir jetzt wertvolles Finanzwissen: Melde dich zu unserem <strong><a href=\"https:\/\/wikifinia.us1.list-manage.com\/subscribe?u=0b2b1d36645083b60a3042969&amp;id=9a90970579\" target=\"_blank\" rel=\"noreferrer noopener\">Newsletter<\/a><\/strong> an und erhalte regelm\u00e4\u00dfig exklusive Tipps und spannende Einblicke bequem per E-Mail.<\/p>\n\n\n\n<div style=\"height:50px\" aria-hidden=\"true\" class=\"wp-block-spacer\"><\/div>\n\n\n\n<div style=\"height:50px\" aria-hidden=\"true\" class=\"wp-block-spacer\"><\/div>\n\n\n\n<h2 class=\"wp-block-heading has-text-color has-medium-font-size\" style=\"color:#114976\">Fazit: Kaufkraftverlust ernst nehmen \u2013 Zukunft sichern mit WIKIFINIA<\/h2>\n\n\n\n<p class=\"has-black-color has-text-color has-link-color has-medium-font-size wp-elements-f962e28674a575bc3979fd68530f8fb4\">Der Kaufkraftverlust ist kein abstraktes Schlagwort, sondern eine Realit\u00e4t, die du jeden Tag sp\u00fcrst. Die Teuerung der Wohnungsmieten in \u00d6sterreich um 4,6 Prozent ist ein klares Zeichen, dass deine Ausgaben schneller wachsen als deine Einnahmen. <strong>Ob jung oder alt, alleinlebend oder Familie \u2013 der Druck steigt.<\/strong><\/p>\n\n\n\n<p class=\"has-black-color has-text-color has-link-color has-medium-font-size wp-elements-608e4d04a0a6f953ee4050f1f001473d\">Doch du musst nicht tatenlos zusehen. <strong>Es gibt Wege, dich besser aufzustellen<\/strong>: von einer <em>klugen Budgetplanung<\/em> \u00fcber <em>gezielte Vorsorge<\/em> bis hin zu <em>langfristigen Investments<\/em>, die deine Kaufkraft stabilisieren k\u00f6nnen. Dabei brauchst du einen Partner, der unabh\u00e4ngig ist und deine Interessen in den Vordergrund stellt.<\/p>\n\n\n\n<p class=\"has-black-color has-text-color has-link-color has-medium-font-size wp-elements-1f414c64ed37e583d35dfe005cadb3ec\">Genau hier kommt WIKIFINIA ins Spiel. Wir begleiten dich als zuverl\u00e4ssiger und unabh\u00e4ngiger Partner, wenn es darum geht, deine finanzielle Zukunft zu sichern. Wir analysieren deine Situation, entwickeln mit dir eine passende Strategie und helfen dir, dem Kaufkraftverlust etwas entgegenzusetzen. Vereinbare jetzt einen <strong>unverbindlichen Termin<\/strong> mit uns und finde heraus, wie du deine Finanzen wieder in Balance bringst \u2013 bevor die n\u00e4chste Mieterh\u00f6hung dich kalt erwischt <a href=\"https:\/\/calendly.com\/wikifinia\/erstgespraech\" target=\"_blank\" rel=\"noreferrer noopener\"><strong><em>\u00fcber diesen Link<\/em><\/strong>.<\/a><\/p>\n\n\n\n<div style=\"height:30px\" aria-hidden=\"true\" class=\"wp-block-spacer\"><\/div>\n\n\n\n<div class=\"wp-block-buttons is-content-justification-center is-layout-flex wp-container-core-buttons-is-layout-16018d1d wp-block-buttons-is-layout-flex\">\n<div class=\"wp-block-button has-custom-width wp-block-button__width-50\"><a class=\"wp-block-button__link has-vivid-cyan-blue-background-color has-background has-medium-font-size has-custom-font-size wp-element-button\" href=\"https:\/\/calendly.com\/wikifinia\/erstgespraech?month=2023-09\">Jetzt Termin vereinbaren<\/a><\/div>\n<\/div>\n\n\n\n<h2 class=\"wp-block-heading\"><\/h2>","protected":false},"excerpt":{"rendered":"<p>\u201eWenn die Mieten schneller steigen als die Einkommen, schrumpft nicht nur die Wohnung, sondern vor allem die Kaufkraft \u2013 und damit deine finanzielle Freiheit.\u201c Es gibt Themen, die dich vielleicht nicht sofort betreffen, die aber deine Zukunft entscheidend pr\u00e4gen k\u00f6nnen. Der Kaufkraftverlust ist so ein Thema. Du merkst ihn im Supermarkt, an der Tankstelle und [&hellip;]<\/p>\n","protected":false},"author":6,"featured_media":7040,"comment_status":"closed","ping_status":"closed","sticky":false,"template":"","format":"standard","meta":{"inline_featured_image":false,"footnotes":""},"categories":[1],"tags":[173,29,497,59,496,489,493,494,495,490],"class_list":["post-7039","post","type-post","status-publish","format-standard","has-post-thumbnail","hentry","category-allgemein","tag-finanzwissen","tag-honorarberatung","tag-immobilienmarkt-osterreich","tag-inflation","tag-inflation-osterreich","tag-kaufkraftverlust","tag-mieterhohung","tag-mietpreisbremse","tag-mietpreisdeckel","tag-teuerung"],"yoast_head":"<!-- This site is optimized with the Yoast SEO Premium plugin v26.9 (Yoast SEO v27.5) - https:\/\/yoast.com\/product\/yoast-seo-premium-wordpress\/ -->\n<title>Mieten plus 4,6 %: Kaufkraftverlust versch\u00e4rft sich - wikifinia<\/title>\n<meta name=\"description\" content=\"Der Kaufkraftverlust macht sich besonders bei den Mieten bemerkbar. Lies, wie stark die Teuerung in \u00d6sterreich ausf\u00e4llt.\" \/>\n<meta name=\"robots\" content=\"index, follow, max-snippet:-1, max-image-preview:large, max-video-preview:-1\" \/>\n<link rel=\"canonical\" href=\"https:\/\/wikifinia.at\/en\/mieten-plus-46-kaufkraftverlust-verscharft-sich\/\" \/>\n<meta property=\"og:locale\" content=\"en_GB\" \/>\n<meta property=\"og:type\" content=\"article\" \/>\n<meta property=\"og:title\" content=\"Mieten plus 4,6 %: Kaufkraftverlust versch\u00e4rft sich\" \/>\n<meta property=\"og:description\" content=\"Der Kaufkraftverlust macht sich besonders bei den Mieten bemerkbar. Lies, wie stark die Teuerung in \u00d6sterreich ausf\u00e4llt.\" \/>\n<meta property=\"og:url\" content=\"https:\/\/wikifinia.at\/en\/mieten-plus-46-kaufkraftverlust-verscharft-sich\/\" \/>\n<meta property=\"og:site_name\" content=\"wikifinia\" \/>\n<meta property=\"article:published_time\" content=\"2025-09-10T09:40:45+00:00\" \/>\n<meta property=\"article:modified_time\" content=\"2025-09-10T09:40:46+00:00\" \/>\n<meta property=\"og:image\" content=\"https:\/\/wikifinia.at\/wordpress\/wp-content\/uploads\/2025\/09\/iStock-1391413216.jpg\" \/>\n\t<meta property=\"og:image:width\" content=\"2048\" \/>\n\t<meta property=\"og:image:height\" content=\"1321\" \/>\n\t<meta property=\"og:image:type\" content=\"image\/jpeg\" \/>\n<meta name=\"author\" content=\"Mag. Wilhelm Kindlinger\" \/>\n<meta name=\"twitter:card\" content=\"summary_large_image\" \/>\n<meta name=\"twitter:label1\" content=\"Written by\" \/>\n\t<meta name=\"twitter:data1\" content=\"Mag. Wilhelm Kindlinger\" \/>\n\t<meta name=\"twitter:label2\" content=\"Estimated reading time\" \/>\n\t<meta name=\"twitter:data2\" content=\"8 minutes\" \/>\n<script type=\"application\/ld+json\" class=\"yoast-schema-graph\">{\"@context\":\"https:\\\/\\\/schema.org\",\"@graph\":[{\"@type\":\"Article\",\"@id\":\"https:\\\/\\\/wikifinia.at\\\/mieten-plus-46-kaufkraftverlust-verscharft-sich\\\/#article\",\"isPartOf\":{\"@id\":\"https:\\\/\\\/wikifinia.at\\\/mieten-plus-46-kaufkraftverlust-verscharft-sich\\\/\"},\"author\":{\"name\":\"Mag. Wilhelm Kindlinger\",\"@id\":\"https:\\\/\\\/wikifinia.at\\\/#\\\/schema\\\/person\\\/8dbe85ff98c1bca21adbb3d092853fe3\"},\"headline\":\"Mieten plus 4,6 %: Kaufkraftverlust versch\u00e4rft sich\",\"datePublished\":\"2025-09-10T09:40:45+00:00\",\"dateModified\":\"2025-09-10T09:40:46+00:00\",\"mainEntityOfPage\":{\"@id\":\"https:\\\/\\\/wikifinia.at\\\/mieten-plus-46-kaufkraftverlust-verscharft-sich\\\/\"},\"wordCount\":1314,\"publisher\":{\"@id\":\"https:\\\/\\\/wikifinia.at\\\/#organization\"},\"image\":{\"@id\":\"https:\\\/\\\/wikifinia.at\\\/mieten-plus-46-kaufkraftverlust-verscharft-sich\\\/#primaryimage\"},\"thumbnailUrl\":\"https:\\\/\\\/wikifinia.at\\\/wordpress\\\/wp-content\\\/uploads\\\/2025\\\/09\\\/iStock-1391413216.jpg\",\"keywords\":[\"Finanzwissen\",\"Honorarberatung\",\"Immobilienmarkt \u00d6sterreich\",\"Inflation\",\"Inflation \u00d6sterreich\",\"Kaufkraftverlust\",\"Mieterh\u00f6hung\",\"MIetpreisbremse\",\"Mietpreisdeckel\",\"Teuerung\"],\"articleSection\":[\"Allgemein\"],\"inLanguage\":\"en-GB\"},{\"@type\":\"WebPage\",\"@id\":\"https:\\\/\\\/wikifinia.at\\\/mieten-plus-46-kaufkraftverlust-verscharft-sich\\\/\",\"url\":\"https:\\\/\\\/wikifinia.at\\\/mieten-plus-46-kaufkraftverlust-verscharft-sich\\\/\",\"name\":\"Mieten plus 4,6 %: Kaufkraftverlust versch\u00e4rft sich - wikifinia\",\"isPartOf\":{\"@id\":\"https:\\\/\\\/wikifinia.at\\\/#website\"},\"primaryImageOfPage\":{\"@id\":\"https:\\\/\\\/wikifinia.at\\\/mieten-plus-46-kaufkraftverlust-verscharft-sich\\\/#primaryimage\"},\"image\":{\"@id\":\"https:\\\/\\\/wikifinia.at\\\/mieten-plus-46-kaufkraftverlust-verscharft-sich\\\/#primaryimage\"},\"thumbnailUrl\":\"https:\\\/\\\/wikifinia.at\\\/wordpress\\\/wp-content\\\/uploads\\\/2025\\\/09\\\/iStock-1391413216.jpg\",\"datePublished\":\"2025-09-10T09:40:45+00:00\",\"dateModified\":\"2025-09-10T09:40:46+00:00\",\"description\":\"Der Kaufkraftverlust macht sich besonders bei den Mieten bemerkbar. Lies, wie stark die Teuerung in \u00d6sterreich ausf\u00e4llt.\",\"breadcrumb\":{\"@id\":\"https:\\\/\\\/wikifinia.at\\\/mieten-plus-46-kaufkraftverlust-verscharft-sich\\\/#breadcrumb\"},\"inLanguage\":\"en-GB\",\"potentialAction\":[{\"@type\":\"ReadAction\",\"target\":[\"https:\\\/\\\/wikifinia.at\\\/mieten-plus-46-kaufkraftverlust-verscharft-sich\\\/\"]}]},{\"@type\":\"ImageObject\",\"inLanguage\":\"en-GB\",\"@id\":\"https:\\\/\\\/wikifinia.at\\\/mieten-plus-46-kaufkraftverlust-verscharft-sich\\\/#primaryimage\",\"url\":\"https:\\\/\\\/wikifinia.at\\\/wordpress\\\/wp-content\\\/uploads\\\/2025\\\/09\\\/iStock-1391413216.jpg\",\"contentUrl\":\"https:\\\/\\\/wikifinia.at\\\/wordpress\\\/wp-content\\\/uploads\\\/2025\\\/09\\\/iStock-1391413216.jpg\",\"width\":2048,\"height\":1321,\"caption\":\"House with stacks of money and a rising curve symbolizing rising real estate prices\"},{\"@type\":\"BreadcrumbList\",\"@id\":\"https:\\\/\\\/wikifinia.at\\\/mieten-plus-46-kaufkraftverlust-verscharft-sich\\\/#breadcrumb\",\"itemListElement\":[{\"@type\":\"ListItem\",\"position\":1,\"name\":\"Startseite\",\"item\":\"https:\\\/\\\/wikifinia.at\\\/\"},{\"@type\":\"ListItem\",\"position\":2,\"name\":\"Mieten plus 4,6 %: Kaufkraftverlust versch\u00e4rft sich\"}]},{\"@type\":\"WebSite\",\"@id\":\"https:\\\/\\\/wikifinia.at\\\/#website\",\"url\":\"https:\\\/\\\/wikifinia.at\\\/\",\"name\":\"wikifinia\",\"description\":\"Unabh\u00e4ngige Anlage- und Verm\u00f6gensberatung.\",\"publisher\":{\"@id\":\"https:\\\/\\\/wikifinia.at\\\/#organization\"},\"potentialAction\":[{\"@type\":\"SearchAction\",\"target\":{\"@type\":\"EntryPoint\",\"urlTemplate\":\"https:\\\/\\\/wikifinia.at\\\/?s={search_term_string}\"},\"query-input\":{\"@type\":\"PropertyValueSpecification\",\"valueRequired\":true,\"valueName\":\"search_term_string\"}}],\"inLanguage\":\"en-GB\"},{\"@type\":[\"Organization\",\"Place\"],\"@id\":\"https:\\\/\\\/wikifinia.at\\\/#organization\",\"name\":\"WIKIFINIA Finanzmanagement GmbH\",\"url\":\"https:\\\/\\\/wikifinia.at\\\/\",\"logo\":{\"@id\":\"https:\\\/\\\/wikifinia.at\\\/mieten-plus-46-kaufkraftverlust-verscharft-sich\\\/#local-main-organization-logo\"},\"image\":{\"@id\":\"https:\\\/\\\/wikifinia.at\\\/mieten-plus-46-kaufkraftverlust-verscharft-sich\\\/#local-main-organization-logo\"},\"telephone\":[],\"openingHoursSpecification\":[{\"@type\":\"OpeningHoursSpecification\",\"dayOfWeek\":[\"Monday\",\"Tuesday\",\"Wednesday\",\"Thursday\",\"Friday\",\"Saturday\",\"Sunday\"],\"opens\":\"09:00\",\"closes\":\"17:00\"}]},{\"@type\":\"Person\",\"@id\":\"https:\\\/\\\/wikifinia.at\\\/#\\\/schema\\\/person\\\/8dbe85ff98c1bca21adbb3d092853fe3\",\"name\":\"Mag. Wilhelm Kindlinger\"},{\"@type\":\"ImageObject\",\"inLanguage\":\"en-GB\",\"@id\":\"https:\\\/\\\/wikifinia.at\\\/mieten-plus-46-kaufkraftverlust-verscharft-sich\\\/#local-main-organization-logo\",\"url\":\"https:\\\/\\\/wikifinia.at\\\/wordpress\\\/wp-content\\\/uploads\\\/2017\\\/05\\\/wikifiniaRGB_farbig_72ppi.jpg\",\"contentUrl\":\"https:\\\/\\\/wikifinia.at\\\/wordpress\\\/wp-content\\\/uploads\\\/2017\\\/05\\\/wikifiniaRGB_farbig_72ppi.jpg\",\"width\":794,\"height\":229,\"caption\":\"WIKIFINIA Finanzmanagement GmbH\"}]}<\/script>\n<!-- \/ Yoast SEO Premium plugin. -->","yoast_head_json":{"title":"Mieten plus 4,6 %: Kaufkraftverlust versch\u00e4rft sich - wikifinia","description":"Der Kaufkraftverlust macht sich besonders bei den Mieten bemerkbar. Lies, wie stark die Teuerung in \u00d6sterreich ausf\u00e4llt.","robots":{"index":"index","follow":"follow","max-snippet":"max-snippet:-1","max-image-preview":"max-image-preview:large","max-video-preview":"max-video-preview:-1"},"canonical":"https:\/\/wikifinia.at\/en\/mieten-plus-46-kaufkraftverlust-verscharft-sich\/","og_locale":"en_GB","og_type":"article","og_title":"Mieten plus 4,6 %: Kaufkraftverlust versch\u00e4rft sich","og_description":"Der Kaufkraftverlust macht sich besonders bei den Mieten bemerkbar. Lies, wie stark die Teuerung in \u00d6sterreich ausf\u00e4llt.","og_url":"https:\/\/wikifinia.at\/en\/mieten-plus-46-kaufkraftverlust-verscharft-sich\/","og_site_name":"wikifinia","article_published_time":"2025-09-10T09:40:45+00:00","article_modified_time":"2025-09-10T09:40:46+00:00","og_image":[{"width":2048,"height":1321,"url":"https:\/\/wikifinia.at\/wordpress\/wp-content\/uploads\/2025\/09\/iStock-1391413216.jpg","type":"image\/jpeg"}],"author":"Mag. Wilhelm Kindlinger","twitter_card":"summary_large_image","twitter_misc":{"Written by":"Mag. Wilhelm Kindlinger","Estimated reading time":"8 minutes"},"schema":{"@context":"https:\/\/schema.org","@graph":[{"@type":"Article","@id":"https:\/\/wikifinia.at\/mieten-plus-46-kaufkraftverlust-verscharft-sich\/#article","isPartOf":{"@id":"https:\/\/wikifinia.at\/mieten-plus-46-kaufkraftverlust-verscharft-sich\/"},"author":{"name":"Mag. Wilhelm Kindlinger","@id":"https:\/\/wikifinia.at\/#\/schema\/person\/8dbe85ff98c1bca21adbb3d092853fe3"},"headline":"Mieten plus 4,6 %: Kaufkraftverlust versch\u00e4rft sich","datePublished":"2025-09-10T09:40:45+00:00","dateModified":"2025-09-10T09:40:46+00:00","mainEntityOfPage":{"@id":"https:\/\/wikifinia.at\/mieten-plus-46-kaufkraftverlust-verscharft-sich\/"},"wordCount":1314,"publisher":{"@id":"https:\/\/wikifinia.at\/#organization"},"image":{"@id":"https:\/\/wikifinia.at\/mieten-plus-46-kaufkraftverlust-verscharft-sich\/#primaryimage"},"thumbnailUrl":"https:\/\/wikifinia.at\/wordpress\/wp-content\/uploads\/2025\/09\/iStock-1391413216.jpg","keywords":["Finanzwissen","Honorarberatung","Immobilienmarkt \u00d6sterreich","Inflation","Inflation \u00d6sterreich","Kaufkraftverlust","Mieterh\u00f6hung","MIetpreisbremse","Mietpreisdeckel","Teuerung"],"articleSection":["Allgemein"],"inLanguage":"en-GB"},{"@type":"WebPage","@id":"https:\/\/wikifinia.at\/mieten-plus-46-kaufkraftverlust-verscharft-sich\/","url":"https:\/\/wikifinia.at\/mieten-plus-46-kaufkraftverlust-verscharft-sich\/","name":"Mieten plus 4,6 %: Kaufkraftverlust versch\u00e4rft sich - wikifinia","isPartOf":{"@id":"https:\/\/wikifinia.at\/#website"},"primaryImageOfPage":{"@id":"https:\/\/wikifinia.at\/mieten-plus-46-kaufkraftverlust-verscharft-sich\/#primaryimage"},"image":{"@id":"https:\/\/wikifinia.at\/mieten-plus-46-kaufkraftverlust-verscharft-sich\/#primaryimage"},"thumbnailUrl":"https:\/\/wikifinia.at\/wordpress\/wp-content\/uploads\/2025\/09\/iStock-1391413216.jpg","datePublished":"2025-09-10T09:40:45+00:00","dateModified":"2025-09-10T09:40:46+00:00","description":"Der Kaufkraftverlust macht sich besonders bei den Mieten bemerkbar. Lies, wie stark die Teuerung in \u00d6sterreich ausf\u00e4llt.","breadcrumb":{"@id":"https:\/\/wikifinia.at\/mieten-plus-46-kaufkraftverlust-verscharft-sich\/#breadcrumb"},"inLanguage":"en-GB","potentialAction":[{"@type":"ReadAction","target":["https:\/\/wikifinia.at\/mieten-plus-46-kaufkraftverlust-verscharft-sich\/"]}]},{"@type":"ImageObject","inLanguage":"en-GB","@id":"https:\/\/wikifinia.at\/mieten-plus-46-kaufkraftverlust-verscharft-sich\/#primaryimage","url":"https:\/\/wikifinia.at\/wordpress\/wp-content\/uploads\/2025\/09\/iStock-1391413216.jpg","contentUrl":"https:\/\/wikifinia.at\/wordpress\/wp-content\/uploads\/2025\/09\/iStock-1391413216.jpg","width":2048,"height":1321,"caption":"House with stacks of money and a rising curve symbolizing rising real estate prices"},{"@type":"BreadcrumbList","@id":"https:\/\/wikifinia.at\/mieten-plus-46-kaufkraftverlust-verscharft-sich\/#breadcrumb","itemListElement":[{"@type":"ListItem","position":1,"name":"Startseite","item":"https:\/\/wikifinia.at\/"},{"@type":"ListItem","position":2,"name":"Mieten plus 4,6 %: Kaufkraftverlust versch\u00e4rft sich"}]},{"@type":"WebSite","@id":"https:\/\/wikifinia.at\/#website","url":"https:\/\/wikifinia.at\/","name":"WIKIFINIA","description":"Unabh\u00e4ngige Anlage- und Verm\u00f6gensberatung.","publisher":{"@id":"https:\/\/wikifinia.at\/#organization"},"potentialAction":[{"@type":"SearchAction","target":{"@type":"EntryPoint","urlTemplate":"https:\/\/wikifinia.at\/?s={search_term_string}"},"query-input":{"@type":"PropertyValueSpecification","valueRequired":true,"valueName":"search_term_string"}}],"inLanguage":"en-GB"},{"@type":["Organization","Place"],"@id":"https:\/\/wikifinia.at\/#organization","name":"WIKIFINIA Finanzmanagement GmbH","url":"https:\/\/wikifinia.at\/","logo":{"@id":"https:\/\/wikifinia.at\/mieten-plus-46-kaufkraftverlust-verscharft-sich\/#local-main-organization-logo"},"image":{"@id":"https:\/\/wikifinia.at\/mieten-plus-46-kaufkraftverlust-verscharft-sich\/#local-main-organization-logo"},"telephone":[],"openingHoursSpecification":[{"@type":"OpeningHoursSpecification","dayOfWeek":["Monday","Tuesday","Wednesday","Thursday","Friday","Saturday","Sunday"],"opens":"09:00","closes":"17:00"}]},{"@type":"Person","@id":"https:\/\/wikifinia.at\/#\/schema\/person\/8dbe85ff98c1bca21adbb3d092853fe3","name":"Mag. Wilhelm Kindlinger"},{"@type":"ImageObject","inLanguage":"en-GB","@id":"https:\/\/wikifinia.at\/mieten-plus-46-kaufkraftverlust-verscharft-sich\/#local-main-organization-logo","url":"https:\/\/wikifinia.at\/wordpress\/wp-content\/uploads\/2017\/05\/wikifiniaRGB_farbig_72ppi.jpg","contentUrl":"https:\/\/wikifinia.at\/wordpress\/wp-content\/uploads\/2017\/05\/wikifiniaRGB_farbig_72ppi.jpg","width":794,"height":229,"caption":"WIKIFINIA Finanzmanagement GmbH"}]}},"_links":{"self":[{"href":"https:\/\/wikifinia.at\/en\/wp-json\/wp\/v2\/posts\/7039","targetHints":{"allow":["GET"]}}],"collection":[{"href":"https:\/\/wikifinia.at\/en\/wp-json\/wp\/v2\/posts"}],"about":[{"href":"https:\/\/wikifinia.at\/en\/wp-json\/wp\/v2\/types\/post"}],"author":[{"embeddable":true,"href":"https:\/\/wikifinia.at\/en\/wp-json\/wp\/v2\/users\/6"}],"replies":[{"embeddable":true,"href":"https:\/\/wikifinia.at\/en\/wp-json\/wp\/v2\/comments?post=7039"}],"version-history":[{"count":5,"href":"https:\/\/wikifinia.at\/en\/wp-json\/wp\/v2\/posts\/7039\/revisions"}],"predecessor-version":[{"id":7072,"href":"https:\/\/wikifinia.at\/en\/wp-json\/wp\/v2\/posts\/7039\/revisions\/7072"}],"wp:featuredmedia":[{"embeddable":true,"href":"https:\/\/wikifinia.at\/en\/wp-json\/wp\/v2\/media\/7040"}],"wp:attachment":[{"href":"https:\/\/wikifinia.at\/en\/wp-json\/wp\/v2\/media?parent=7039"}],"wp:term":[{"taxonomy":"category","embeddable":true,"href":"https:\/\/wikifinia.at\/en\/wp-json\/wp\/v2\/categories?post=7039"},{"taxonomy":"post_tag","embeddable":true,"href":"https:\/\/wikifinia.at\/en\/wp-json\/wp\/v2\/tags?post=7039"}],"curies":[{"name":"wp","href":"https:\/\/api.w.org\/{rel}","templated":true}]}}